{"id":164,"date":"2025-10-29T10:38:31","date_gmt":"2025-10-29T10:38:31","guid":{"rendered":"https:\/\/www.aumedimmunology.cz\/?p=164"},"modified":"2025-10-29T10:38:32","modified_gmt":"2025-10-29T10:38:32","slug":"aumed-a-s-se-opet-s-uspechem-zucastnil-imunologickeho-kongresu","status":"publish","type":"post","link":"https:\/\/www.aumedimmunology.cz\/?p=164","title":{"rendered":"AUMED, a.s. se op\u011bt s\u00a0\u00fasp\u011bchem z\u00fa\u010dastnil imunologick\u00e9ho kongresu"},"content":{"rendered":"\n<p>Z\u00e1stupci spole\u010dnosti AUMED se z\u00fa\u010dastnili kongresu&nbsp;<strong>XLII. Zjazd slovensk\u00fdch a \u010desk\u00fdch alergol\u00f3gov a klinick\u00fdch imunol\u00f3gov<\/strong>, kter\u00fd se konal 22. \u2013 25.10.2025 v&nbsp;Horn\u00edm Smokovci. AUMED m\u011bl obdobn\u011b jako v&nbsp;roce 2023 na kongresu vlastn\u00ed propaga\u010dn\u00ed st\u00e1nek zam\u011b\u0159en\u00fd zejm\u00e9na na imunologick\u00fd p\u0159\u00edpravek TFI na b\u00e1zi transferfaktoru, kter\u00fd sklidil obrovsk\u00fd \u00fasp\u011bch. Formou poster\u016f, let\u00e1k\u016f a osobn\u00edch rozhovor\u016f jsme sd\u00edleli s&nbsp;odbornou ve\u0159ejnost\u00ed na\u0161e \u00fasp\u011bchy z&nbsp;v\u00fdvoje p\u0159\u00edpravku a prob\u00edhaj\u00edc\u00edch klinick\u00fdch studi\u00ed. Zejm\u00e9na jsme pak informovali, kam jsme se za dva roky posunuli.<\/p>\n\n\n\n<p>V\u011b\u0159\u00edme, \u017ee AUMED, a.s. \u00fasp\u011b\u0161n\u011b dokon\u010d\u00ed klinick\u00e9 studie a zaregistruje p\u0159\u00edpravek TFI na n\u011bkolika evropsk\u00fdch trz\u00edch. Douf\u00e1me, \u017ee za dva roky budeme moci informovat odborn\u00e9 l\u00e9ka\u0159e o dostupnosti p\u0159\u00edpravku na trhu.<\/p>\n\n\n\n<p><\/p>\n","protected":false},"excerpt":{"rendered":"<p>Z\u00e1stupci spole\u010dnosti AUMED se z\u00fa\u010dastnili kongresu&nbsp;XLII. Zjazd slovensk\u00fdch a \u010desk\u00fdch alergol\u00f3gov a klinick\u00fdch imunol\u00f3gov, kter\u00fd se konal 22. \u2013 25.10.2025 v&nbsp;Horn\u00edm Smokovci. AUMED m\u011bl obdobn\u011b jako v&nbsp;roce 2023 na kongresu vlastn\u00ed propaga\u010dn\u00ed st\u00e1nek zam\u011b\u0159en\u00fd zejm\u00e9na na imunologick\u00fd p\u0159\u00edpravek TFI na b\u00e1zi transferfaktoru, kter\u00fd sklidil obrovsk\u00fd \u00fasp\u011bch. Formou poster\u016f, let\u00e1k\u016f a osobn\u00edch rozhovor\u016f jsme sd\u00edleli s&nbsp;odbornou&hellip;&nbsp;<a href=\"https:\/\/www.aumedimmunology.cz\/?p=164\" class=\"\" rel=\"bookmark\">\u010c\u00edst d\u00e1le &raquo;<span class=\"screen-reader-text\">AUMED, a.s. se op\u011bt s\u00a0\u00fasp\u011bchem z\u00fa\u010dastnil imunologick\u00e9ho kongresu<\/span><\/a><\/p>\n","protected":false},"author":1,"featured_media":165,"comment_status":"open","ping_status":"open","sticky":false,"template":"","format":"standard","meta":{"neve_meta_sidebar":"","neve_meta_container":"","neve_meta_enable_content_width":"","neve_meta_content_width":0,"neve_meta_title_alignment":"","neve_meta_author_avatar":"","neve_post_elements_order":"","neve_meta_disable_header":"","neve_meta_disable_footer":"","neve_meta_disable_title":"","footnotes":""},"categories":[1],"tags":[],"class_list":["post-164","post","type-post","status-publish","format-standard","has-post-thumbnail","hentry","category-uncategorized"],"_links":{"self":[{"href":"https:\/\/www.aumedimmunology.cz\/index.php?rest_route=\/wp\/v2\/posts\/164","targetHints":{"allow":["GET"]}}],"collection":[{"href":"https:\/\/www.aumedimmunology.cz\/index.php?rest_route=\/wp\/v2\/posts"}],"about":[{"href":"https:\/\/www.aumedimmunology.cz\/index.php?rest_route=\/wp\/v2\/types\/post"}],"author":[{"embeddable":true,"href":"https:\/\/www.aumedimmunology.cz\/index.php?rest_route=\/wp\/v2\/users\/1"}],"replies":[{"embeddable":true,"href":"https:\/\/www.aumedimmunology.cz\/index.php?rest_route=%2Fwp%2Fv2%2Fcomments&post=164"}],"version-history":[{"count":1,"href":"https:\/\/www.aumedimmunology.cz\/index.php?rest_route=\/wp\/v2\/posts\/164\/revisions"}],"predecessor-version":[{"id":166,"href":"https:\/\/www.aumedimmunology.cz\/index.php?rest_route=\/wp\/v2\/posts\/164\/revisions\/166"}],"wp:featuredmedia":[{"embeddable":true,"href":"https:\/\/www.aumedimmunology.cz\/index.php?rest_route=\/wp\/v2\/media\/165"}],"wp:attachment":[{"href":"https:\/\/www.aumedimmunology.cz\/index.php?rest_route=%2Fwp%2Fv2%2Fmedia&parent=164"}],"wp:term":[{"taxonomy":"category","embeddable":true,"href":"https:\/\/www.aumedimmunology.cz\/index.php?rest_route=%2Fwp%2Fv2%2Fcategories&post=164"},{"taxonomy":"post_tag","embeddable":true,"href":"https:\/\/www.aumedimmunology.cz\/index.php?rest_route=%2Fwp%2Fv2%2Ftags&post=164"}],"curies":[{"name":"wp","href":"https:\/\/api.w.org\/{rel}","templated":true}]}}